{"id":2593,"date":"2025-06-23T13:43:59","date_gmt":"2025-06-23T11:43:59","guid":{"rendered":"https:\/\/linde.edu.pl\/?p=2593"},"modified":"2025-06-23T13:43:59","modified_gmt":"2025-06-23T11:43:59","slug":"rodzice-mowia-o-samorzadzie-i-o-szkole","status":"publish","type":"post","link":"https:\/\/linde.edu.pl\/?p=2593","title":{"rendered":"Rodzice m\u00f3wi\u0105&#8230; o samorz\u0105dzie i o szkole"},"content":{"rendered":"<p><span style=\"font-weight: 400;\">Pan Dyrektor nie chowa si\u0119 w gabinecie za stosem papier\u00f3w, jest dost\u0119pny dla uczni\u00f3w.<\/span><span style=\"font-weight: 400;\"><br \/>\n<\/span><span style=\"font-weight: 400;\">Dzi\u0119ki ma\u0142ym klasom nauczyciele maj\u0105 mo\u017cliwo\u015b\u0107 lepszego wyja\u015bnienia materia\u0142u i po\u015bwi\u0119cenia wi\u0119kszej uwagi ka\u017cdemu uczniowi. Nikt nie ukryje si\u0119 w ostatniej \u0142awce niezauwa\u017cony. <\/span><span style=\"font-weight: 400;\"><br \/>\n<\/span> <span style=\"font-weight: 400;\">M\u0142odzie\u017c jest traktowana z szacunkiem!<\/span><span style=\"font-weight: 400;\"><br \/>\n<\/span><span style=\"font-weight: 400;\">Bardzo aktywnie dzia\u0142a Samorz\u0105d Uczniowski. Opiekunowie wraz z uczniami organizuj\u0105 du\u017co warto\u015bciowych wydarze\u0144. Dzi\u0119ki temu m\u0142odzi rozwijaj\u0105 si\u0119 bardzo wszechstronnie. Ka\u017cdy znajdzie dla siebie miejsce, nie wa\u017cne w jakiej dziedzinie chcia\u0142by si\u0119 udziela\u0107.<\/span><span style=\"font-weight: 400;\"><br \/>\n<\/span> <span style=\"font-weight: 400;\">Zesp\u00f3\u0142 nauczycieli, pedagog\u00f3w i psycholog\u00f3w jest uwa\u017cny na uczni\u00f3w, ich trudno\u015bci i potrzeby. Pozostaj\u0105 zawsze w kontakcie z rodzicem i realnie wspieraj\u0105 m\u0142odzie\u017c w r\u00f3\u017cnych obszarach.<\/span><span style=\"font-weight: 400;\"><br \/>\n<\/span> <span style=\"font-weight: 400;\">J\u0119zyki obce s\u0105 prowadzone na doskona\u0142ym poziomie. Ucze\u0144 ma szans\u0119 rozwija\u0107 swoje umiej\u0119tno\u015bci j\u0119zykowe dzi\u0119ki kontaktowi z wieloma nauczycielami j\u0119zyka angielskiego. Organizowany jest Euroweek i polsko-niemiecka wymiana m\u0142odzie\u017cy &#8211; praktyczna nauka j\u0119zyka w naturalnych warunkach.<\/span><span style=\"font-weight: 400;\"><br \/>\n<\/span> <span style=\"font-weight: 400;\">Nauczyciele s\u0105 zaanga\u017cowani, lubi\u0105 swoj\u0105 prac\u0119 i lubi\u0105 m\u0142odzie\u017c. Dla m\u0142odego cz\u0142owieka w tym okresie wa\u017cny jest dobry kontakt z m\u0105drym doros\u0142ym i taki na co dzie\u0144 oferuje Linde.<\/span><span style=\"font-weight: 400;\"><br \/>\n<\/span><span style=\"font-weight: 400;\">\u2013 Barbara Ostoja, mama Antka z 2C<\/span><\/p>\n","protected":false},"excerpt":{"rendered":"<p>Pan Dyrektor nie chowa si\u0119 w gabinecie za stosem papier\u00f3w, jest dost\u0119pny dla uczni\u00f3w. Dzi\u0119ki ma\u0142ym klasom nauczyciele maj\u0105 mo\u017cliwo\u015b\u0107 lepszego wyja\u015bnienia materia\u0142u i po\u015bwi\u0119cenia wi\u0119kszej uwagi ka\u017cdemu uczniowi. Nikt &#8230;<\/p>\n","protected":false},"author":1,"featured_media":0,"comment_status":"open","ping_status":"open","sticky":false,"template":"","format":"standard","meta":[],"categories":[31],"tags":[],"_links":{"self":[{"href":"https:\/\/linde.edu.pl\/index.php?rest_route=\/wp\/v2\/posts\/2593"}],"collection":[{"href":"https:\/\/linde.edu.pl\/index.php?rest_route=\/wp\/v2\/posts"}],"about":[{"href":"https:\/\/linde.edu.pl\/index.php?rest_route=\/wp\/v2\/types\/post"}],"author":[{"embeddable":true,"href":"https:\/\/linde.edu.pl\/index.php?rest_route=\/wp\/v2\/users\/1"}],"replies":[{"embeddable":true,"href":"https:\/\/linde.edu.pl\/index.php?rest_route=%2Fwp%2Fv2%2Fcomments&post=2593"}],"version-history":[{"count":1,"href":"https:\/\/linde.edu.pl\/index.php?rest_route=\/wp\/v2\/posts\/2593\/revisions"}],"predecessor-version":[{"id":2594,"href":"https:\/\/linde.edu.pl\/index.php?rest_route=\/wp\/v2\/posts\/2593\/revisions\/2594"}],"wp:attachment":[{"href":"https:\/\/linde.edu.pl\/index.php?rest_route=%2Fwp%2Fv2%2Fmedia&parent=2593"}],"wp:term":[{"taxonomy":"category","embeddable":true,"href":"https:\/\/linde.edu.pl\/index.php?rest_route=%2Fwp%2Fv2%2Fcategories&post=2593"},{"taxonomy":"post_tag","embeddable":true,"href":"https:\/\/linde.edu.pl\/index.php?rest_route=%2Fwp%2Fv2%2Ftags&post=2593"}],"curies":[{"name":"wp","href":"https:\/\/api.w.org\/{rel}","templated":true}]}}